{"id":392,"date":"2019-03-16T20:25:15","date_gmt":"2019-03-16T19:25:15","guid":{"rendered":"http:\/\/kf.kolping-burgkirchen.de\/?p=392"},"modified":"2019-03-16T20:28:34","modified_gmt":"2019-03-16T19:28:34","slug":"gemuetlicher-abend-in-der-fastenzeit","status":"publish","type":"post","link":"http:\/\/kf.kolping-burgkirchen.de\/?p=392","title":{"rendered":"Gem\u00fctlicher Abend in der Fastenzeit"},"content":{"rendered":"<p>Am Freitag Abend trafen sich ca drei\u00dfig Kolpingmitglieder zu einem gem\u00fctlichen Abend mit Starkbier und Brotzeit. <img loading=\"lazy\" decoding=\"async\" src=\"http:\/\/kf.kolping-burgkirchen.de\/wp-content\/uploads\/2019\/03\/img_1105.jpg\" class=\"size-full\" width=\"4032\" height=\"3024\"><img loading=\"lazy\" decoding=\"async\" src=\"http:\/\/kf.kolping-burgkirchen.de\/wp-content\/uploads\/2019\/03\/img_1104.jpg\" class=\"size-full\" width=\"4032\" height=\"3024\"><img loading=\"lazy\" decoding=\"async\" src=\"http:\/\/kf.kolping-burgkirchen.de\/wp-content\/uploads\/2019\/03\/img_1103.jpg\" class=\"size-full\" width=\"4032\" height=\"3024\"><img loading=\"lazy\" decoding=\"async\" src=\"http:\/\/kf.kolping-burgkirchen.de\/wp-content\/uploads\/2019\/03\/img_1102.jpg\" class=\"size-full\" width=\"4032\" height=\"3024\"><img loading=\"lazy\" decoding=\"async\" src=\"http:\/\/kf.kolping-burgkirchen.de\/wp-content\/uploads\/2019\/03\/img_1098.jpg\" class=\"size-full\" width=\"4032\" height=\"3024\"><img loading=\"lazy\" decoding=\"async\" src=\"http:\/\/kf.kolping-burgkirchen.de\/wp-content\/uploads\/2019\/03\/img_1099.jpg\" class=\"size-full\" width=\"4032\" height=\"3024\"><img loading=\"lazy\" decoding=\"async\" src=\"http:\/\/kf.kolping-burgkirchen.de\/wp-content\/uploads\/2019\/03\/img_1100.jpg\" class=\"size-full\" width=\"4032\" height=\"3024\"><img loading=\"lazy\" decoding=\"async\" src=\"http:\/\/kf.kolping-burgkirchen.de\/wp-content\/uploads\/2019\/03\/img_1101.jpg\" class=\"size-full\" width=\"4032\" height=\"3024\"><img loading=\"lazy\" decoding=\"async\" src=\"http:\/\/kf.kolping-burgkirchen.de\/wp-content\/uploads\/2019\/03\/img_1097.jpg\" class=\"size-full\" width=\"4032\" height=\"3024\"><\/p>\n","protected":false},"excerpt":{"rendered":"<p>Am Freitag Abend trafen sich ca drei\u00dfig Kolpingmitglieder zu einem gem\u00fctlichen Abend mit Starkbier und Brotzeit.<\/p>\n","protected":false},"author":1,"featured_media":0,"comment_status":"closed","ping_status":"closed","sticky":false,"template":"","format":"standard","meta":{"footnotes":""},"categories":[1],"tags":[],"class_list":["post-392","post","type-post","status-publish","format-standard","hentry","category-uncategorized"],"_links":{"self":[{"href":"http:\/\/kf.kolping-burgkirchen.de\/index.php?rest_route=\/wp\/v2\/posts\/392","targetHints":{"allow":["GET"]}}],"collection":[{"href":"http:\/\/kf.kolping-burgkirchen.de\/index.php?rest_route=\/wp\/v2\/posts"}],"about":[{"href":"http:\/\/kf.kolping-burgkirchen.de\/index.php?rest_route=\/wp\/v2\/types\/post"}],"author":[{"embeddable":true,"href":"http:\/\/kf.kolping-burgkirchen.de\/index.php?rest_route=\/wp\/v2\/users\/1"}],"replies":[{"embeddable":true,"href":"http:\/\/kf.kolping-burgkirchen.de\/index.php?rest_route=%2Fwp%2Fv2%2Fcomments&post=392"}],"version-history":[{"count":1,"href":"http:\/\/kf.kolping-burgkirchen.de\/index.php?rest_route=\/wp\/v2\/posts\/392\/revisions"}],"predecessor-version":[{"id":393,"href":"http:\/\/kf.kolping-burgkirchen.de\/index.php?rest_route=\/wp\/v2\/posts\/392\/revisions\/393"}],"wp:attachment":[{"href":"http:\/\/kf.kolping-burgkirchen.de\/index.php?rest_route=%2Fwp%2Fv2%2Fmedia&parent=392"}],"wp:term":[{"taxonomy":"category","embeddable":true,"href":"http:\/\/kf.kolping-burgkirchen.de\/index.php?rest_route=%2Fwp%2Fv2%2Fcategories&post=392"},{"taxonomy":"post_tag","embeddable":true,"href":"http:\/\/kf.kolping-burgkirchen.de\/index.php?rest_route=%2Fwp%2Fv2%2Ftags&post=392"}],"curies":[{"name":"wp","href":"https:\/\/api.w.org\/{rel}","templated":true}]}}