{"id":251,"date":"2018-03-20T06:46:22","date_gmt":"2018-03-20T05:46:22","guid":{"rendered":"http:\/\/kf.kolping-burgkirchen.de\/?p=251"},"modified":"2018-03-20T06:46:35","modified_gmt":"2018-03-20T05:46:35","slug":"dioezesan-ehrennadel-in-silber-fuer-erich-birke-hauptversammlung-der-kolpingfamilie-burgkirchen-grosse-aktivitaet-und-grosse-spenden","status":"publish","type":"post","link":"http:\/\/kf.kolping-burgkirchen.de\/?p=251","title":{"rendered":"Di\u00f6zesan-Ehrennadel in Silber f\u00fcr Erich Birke &#8211; Hauptversammlung der Kolpingfamilie Burgkirchen \u2013 Gro\u00dfe Aktivit\u00e4t und gro\u00dfe Spenden"},"content":{"rendered":"<p id=\"absatz1\">Zur Jahreshauptversammlung der Burgkirchner Kolpingfamilie brachte Di\u00f6zesanvorsitzender Gerhard Alfranseder die aus dem Jahr 1954 stammende Satzung des Vereins mit und las daraus zum Erstaunen der anwesenden Mitglieder vor: &#8222;Jedes Mitglied der Kolpingfamilie soll vom Vorstand dazu erzogen werden, immer zu den Treffen zu kommen&#8220;, steht in dem Dokument, &#8222;auch wenn das Wetter nicht stimmt.&#8220; &#8222;Jedes Mitglied hat stets fr\u00f6hlich zu sein und so nach au\u00dfen ein Zeichen der Menschenliebe zu setzen.&#8220;<\/p>\n<p class=\"em_text\">Anno 2018 ist es immer noch die gleiche Organisation, aber die Sprache und die Verhaltensmuster haben sich unverkennbar ge\u00e4ndert. &#8222;Mit solchen Worten k\u00f6nnte heute niemand erreicht werden&#8220;, sagte Alfranseder schmunzelnd.<\/p>\n<p><span class=\"ngen_Ztl\">Vorsitzenderseit 2005<\/span>Alfranseder hatte eine Di\u00f6zesan-Ehrennadel in Silber und viele lobende Worte f\u00fcr Erich Birke mitgebracht, den Ersten Vorsitzenden der Burgkirchner Kolpingfiliale. Birke steht seit 2005 an deren Spitze und hat den \u00f6rtlichen Verein mit seinem aktiven, offenen, freundlichen F\u00fchrungsstil gepr\u00e4gt. Dies wurde im Bistum Passau bemerkt und anerkannt. &#8222;In besonderer W\u00fcrdigung f\u00fcr die tatkr\u00e4ftige Unterst\u00fctzung und Ausbreitung des Ideentums Adolph Kolpings&#8220;, steht in der begleitenden Urkunde.<\/p>\n<p class=\"em_text\">Birke und seine Mitarbeiter sorgen daf\u00fcr, dass das Gleichgewicht zwischen der sakralen und profanen Zielsetzung innerhalb des Vereins beibehalten bleibt. Die Teilnahme an kirchlichen Festlichkeiten, Pfarrveranstaltungen, Pilgerfahrten oder Mitgestaltung der Gottesdienste bleibt f\u00fcr die Kolpingianer genauso selbstverst\u00e4ndlich wie die breitgef\u00e4cherte Hilfeleistung f\u00fcr die Bed\u00fcrftigen hierzulande und im Ausland.<\/p>\n<p class=\"em_text\">&#8222;Wir haben momentan den Luxus, dass wir \u00fcber Geld verf\u00fcgen, aber wir gehen verantwortungsvoll damit um&#8220;, betonte Erich Birke. &#8222;Die Generierung der Einnahmen&#8220;, wie w\u00e4hrend der Versammlung formuliert wurde, diene dazu, ausgew\u00e4hlte Projekte zu realisieren. Man verdiene Geld durch die Altkleider- und Papiersammlungen oder Verk\u00e4ufe beim Pfarrfest und Solidarit\u00e4tsessen.<\/p>\n<p class=\"em_text\">Eines der Beispiele daf\u00fcr, wo die erarbeiteten Mittel sp\u00e4ter landen, war der k\u00fcrzlich abgeschlossene, komplexe Umbau des Pfarrheims. Weitere Summen werden in Aktionen wie &#8222;Versch\u00e4mte Armut&#8220; gesteckt, man unterst\u00fctzt Ferienprogramm f\u00fcr Kinder, Zeltlager und manche Aktivit\u00e4ten f\u00fcr Senioren. Gr\u00f6\u00dfere Betr\u00e4ge kommen einigen Aufgaben im Ausland zugute, wobei das Projekt in Uruguay schon seit Jahren einen gr\u00f6\u00dferen Posten bei den Ausgaben der Kolpingfamilie bildet. Der neu in Burgkirchen von einer Gruppe um Otwin Marzini gegr\u00fcndete Verein &#8222;Shetu&#8220;, der die Elektrikerausbildung in Bangladesch unterst\u00fctzt, wurde mit 3500 Euro bezuschusst.<\/p>\n<p><span class=\"ngen_Ztl\">Finanzen:Leichtes Defizit<\/span>Kassiererin Inge Remmelberger informierte die Versammelten, dass 2017 den Einnahmen von 23915 Euro Ausgaben von 24223 Euro gegen\u00fcberstanden, also ein leichtes Defizit von 308 Euro entstand. Nachdem Nora Diwisch und Franziska Stellmach &#8222;die vorbildlich gef\u00fchrte Kasse&#8220; bescheinigt hatten, erteilten die Anwesenden der Vorstandschaft einstimmig die Entlastung.<\/p>\n<p class=\"em_text\">Walter Frank berichtete \u00fcber die Pl\u00e4ne bez\u00fcglich des Geb\u00e4udes hinter dem Pfarrheim. Es soll abgerissen und neu errichtet werden. Martin Rasch informierte die Anwesenden, dass eine Altes-Handy-Aktion im Rahmen des Weltladens l\u00e4uft: Unbrauchbare Telefone k\u00f6nnen dort abgegeben werden \u2013 die Telekom wird sie fachgerecht entsorgen und recyceln lassen. Markus Rasch demonstrierte auf dem Bildschirm, wie die von ihm neu gestaltete Internetpr\u00e4senz der Kolpingfamilie Burgkirchen aussieht \u2013 benutzerfreundlich und attraktiv.<\/p>\n<p>Stellvertretender Vorsitzender Klaus Huber berichtete, dass man stets versucht, neue Mitglieder f\u00fcr die Organisation zu gewinnen. Es werden Bibeltage organisiert, Familien angesprochen und diese beispielsweise zum \u00f6sterlichen Emmausgang eingeladen. Rudolf Krause betreut die Senioren, besucht sie zu runden Geburtstagen und ermuntert zur Teilnahme an Veranstaltungen verschiedener Art. Der Pr\u00e4ses der Burgkirchner Kolpingfamilie, Otwin Marzini, bedankte sich in seiner abschlie\u00dfenden Rede bei allen Mitgliedern f\u00fcr ihr Engagement zum Wohle der Allgemeinheit. <span class=\"ngen_Kuerzel\"> \u2212 kt<\/span><\/p>\n<p><span class=\"ngen_Rubtitelblau-010203\">EHRUNGEN<\/span><span class=\"ngen_F\">25-j\u00e4hrige Vereinstreue:<\/span> Alois Rasch, Helmut Winterer<\/p>\n<p><span class=\"ngen_F\">Di\u00f6zesan-Ehrennadel in Silber: <\/span> Erich Birke<\/p>\n<p>&nbsp;<\/p>\n<div class=\"fancybox-outer\">\n<div class=\"fancybox-inner\"><img decoding=\"async\" class=\"fancybox-image\" src=\"https:\/\/cdnplus.pnp.de\/_em_daten\/_cache\/image\/1xP9DeZaw6EPy2DwPUEP_J-09xbKcg6jIggjLrXfw6_ZzYuWlAfsr15mMSz34WuDuf\/180319-0133-29-63088833-kolping.jpg\" alt=\"\" \/><\/div>\n<\/div>\n<div class=\"fancybox-title fancybox-title-inside-wrap\">Die Geehrten und die Funktion\u00e4re der Kolpingfamilie Burgkirchen (von links): Zweiter Vorsitzender Klaus Huber, Pr\u00e4ses Otwin Marzini, der Di\u00f6zesanvorsitzende der Kolpingfamilie Gerhard Alfranseder, die Geehrten Alois Schick und Helmut Winterer sowie Erster Vorsitzender Erich Birke. \u2212 Foto: Kaleta<\/div>\n","protected":false},"excerpt":{"rendered":"<p>Zur Jahreshauptversammlung der Burgkirchner Kolpingfamilie brachte Di\u00f6zesanvorsitzender Gerhard Alfranseder die aus dem Jahr 1954 stammende Satzung des Vereins mit und las daraus zum Erstaunen der anwesenden Mitglieder vor: &#8222;Jedes Mitglied der Kolpingfamilie soll vom Vorstand dazu erzogen werden, immer zu den Treffen zu kommen&#8220;, steht in dem Dokument, &#8222;auch wenn das Wetter nicht stimmt.&#8220; &#8222;Jedes Mitglied hat stets fr\u00f6hlich zu sein und so nach au\u00dfen ein Zeichen der Menschenliebe zu setzen.&#8220; Anno 2018 ist es immer noch die gleiche Organisation,&#8230;<\/p>\n<p class=\"read-more\"><a class=\"btn btn-default\" href=\"http:\/\/kf.kolping-burgkirchen.de\/?p=251\">Weiterlesen<span class=\"screen-reader-text\"> Weiterlesen<\/span><\/a><\/p>\n","protected":false},"author":2,"featured_media":0,"comment_status":"closed","ping_status":"closed","sticky":false,"template":"","format":"image","meta":{"footnotes":""},"categories":[4],"tags":[],"class_list":["post-251","post","type-post","status-publish","format-image","hentry","category-aktuelles","post_format-post-format-image"],"_links":{"self":[{"href":"http:\/\/kf.kolping-burgkirchen.de\/index.php?rest_route=\/wp\/v2\/posts\/251","targetHints":{"allow":["GET"]}}],"collection":[{"href":"http:\/\/kf.kolping-burgkirchen.de\/index.php?rest_route=\/wp\/v2\/posts"}],"about":[{"href":"http:\/\/kf.kolping-burgkirchen.de\/index.php?rest_route=\/wp\/v2\/types\/post"}],"author":[{"embeddable":true,"href":"http:\/\/kf.kolping-burgkirchen.de\/index.php?rest_route=\/wp\/v2\/users\/2"}],"replies":[{"embeddable":true,"href":"http:\/\/kf.kolping-burgkirchen.de\/index.php?rest_route=%2Fwp%2Fv2%2Fcomments&post=251"}],"version-history":[{"count":1,"href":"http:\/\/kf.kolping-burgkirchen.de\/index.php?rest_route=\/wp\/v2\/posts\/251\/revisions"}],"predecessor-version":[{"id":252,"href":"http:\/\/kf.kolping-burgkirchen.de\/index.php?rest_route=\/wp\/v2\/posts\/251\/revisions\/252"}],"wp:attachment":[{"href":"http:\/\/kf.kolping-burgkirchen.de\/index.php?rest_route=%2Fwp%2Fv2%2Fmedia&parent=251"}],"wp:term":[{"taxonomy":"category","embeddable":true,"href":"http:\/\/kf.kolping-burgkirchen.de\/index.php?rest_route=%2Fwp%2Fv2%2Fcategories&post=251"},{"taxonomy":"post_tag","embeddable":true,"href":"http:\/\/kf.kolping-burgkirchen.de\/index.php?rest_route=%2Fwp%2Fv2%2Ftags&post=251"}],"curies":[{"name":"wp","href":"https:\/\/api.w.org\/{rel}","templated":true}]}}