{"id":248,"date":"2018-03-20T06:43:36","date_gmt":"2018-03-20T05:43:36","guid":{"rendered":"http:\/\/kf.kolping-burgkirchen.de\/?p=248"},"modified":"2018-03-20T06:44:03","modified_gmt":"2018-03-20T05:44:03","slug":"solidaritaetsessen-der-kolpingfamilie","status":"publish","type":"post","link":"http:\/\/kf.kolping-burgkirchen.de\/?p=248","title":{"rendered":"Solidarit\u00e4tsessen der Kolpingfamilie"},"content":{"rendered":"<p><span class=\"ngen_F\">Burgkirchen.<\/span><span style=\"display: inline !important; float: none; background-color: transparent; color: #333333; font-family: 'Lato',Arial,sans-serif; font-size: 16px; font-style: normal; font-variant: normal; font-weight: 400; letter-spacing: normal; line-height: 30.4px; orphans: 2; text-align: left; text-decoration: none; text-indent: 0px; text-transform: none; -webkit-text-stroke-width: 0px; white-space: normal; word-spacing: 0px;\">Gem\u00e4\u00df dem Motto &#8222;kochen, verkaufen und den Erl\u00f6s spenden&#8220; fand im katholischen Pfarrheim Burgkirchen das von der Kolpingfamilie veranstaltete Solidarit\u00e4tsessen statt. Etwa 70 Besucher erschienen, um sich mit einer der schmackhaften Suppen \u2013 bei Bedarf mit W\u00fcrstchen best\u00fcckt \u2013 zu st\u00e4rken. Wer gerne trinkt zum Essen, konnte auf Wasser, Apfelschorle oder Bier zur\u00fcckgreifen. Insgesamt warfen die Konsumenten 700 Euro in den gusseisernen Spenden-Topf ein. In die traditionelle Fr\u00fchlingsaktion waren folgende Personen ehrenamtlich engagiert (im Bild): Die Koordinatorin <\/span><span class=\"ngen_F\">Elisabeth Deser<\/span><span style=\"display: inline !important; float: none; background-color: transparent; color: #333333; font-family: 'Lato',Arial,sans-serif; font-size: 16px; font-style: normal; font-variant: normal; font-weight: 400; letter-spacing: normal; line-height: 30.4px; orphans: 2; text-align: left; text-decoration: none; text-indent: 0px; text-transform: none; -webkit-text-stroke-width: 0px; white-space: normal; word-spacing: 0px;\">, das Ehepaar <\/span><span class=\"ngen_F\">Franz <\/span><span style=\"display: inline !important; float: none; background-color: transparent; color: #333333; font-family: 'Lato',Arial,sans-serif; font-size: 16px; font-style: normal; font-variant: normal; font-weight: 400; letter-spacing: normal; line-height: 30.4px; orphans: 2; text-align: left; text-decoration: none; text-indent: 0px; text-transform: none; -webkit-text-stroke-width: 0px; white-space: normal; word-spacing: 0px;\">und <\/span><span class=\"ngen_F\">Sieglinde Kreuzpointner<\/span><span style=\"display: inline !important; float: none; background-color: transparent; color: #333333; font-family: 'Lato',Arial,sans-serif; font-size: 16px; font-style: normal; font-variant: normal; font-weight: 400; letter-spacing: normal; line-height: 30.4px; orphans: 2; text-align: left; text-decoration: none; text-indent: 0px; text-transform: none; -webkit-text-stroke-width: 0px; white-space: normal; word-spacing: 0px;\">, <\/span><span class=\"ngen_F\">Gaby Burggraf<\/span><span style=\"display: inline !important; float: none; background-color: transparent; color: #333333; font-family: 'Lato',Arial,sans-serif; font-size: 16px; font-style: normal; font-variant: normal; font-weight: 400; letter-spacing: normal; line-height: 30.4px; orphans: 2; text-align: left; text-decoration: none; text-indent: 0px; text-transform: none; -webkit-text-stroke-width: 0px; white-space: normal; word-spacing: 0px;\"> und <\/span><span class=\"ngen_F\">Erich Birke<\/span><span style=\"display: inline !important; float: none; background-color: transparent; color: #333333; font-family: 'Lato',Arial,sans-serif; font-size: 16px; font-style: normal; font-variant: normal; font-weight: 400; letter-spacing: normal; line-height: 30.4px; orphans: 2; text-align: left; text-decoration: none; text-indent: 0px; text-transform: none; -webkit-text-stroke-width: 0px; white-space: normal; word-spacing: 0px;\"> als Vorsitzender der Kolpingfamilie Burgkirchen. Friederike Richter, Franziska Stellmach und Nora Diwisch sorgten f\u00fcr den Abwasch in der K\u00fcche und machten den Tischdienst im gro\u00dfen Versammlungssaal, der an diesem Tag zum gem\u00fctlichen Speiseraum umfunktioniert wurde. Die Kolpingfamilie Burgkirchen l\u00e4dt schon zum Emmausgang am Ostermontag, 2. April, nach Tyrlbrunn (zwischen Tyrlaching und Palling) ein. Geplant ist eine heimatgeschichtliche Wanderung mit Uschi Fischer und ein religi\u00f6ser Erlebnisspaziergang f\u00fcr junge Familien mit Klaus Huber. Anschlie\u00dfend Einkehr in Purkering. Treffpunkt: Burgkirchen, Rathausplatz, 13 Uhr, zur gemeinsamen Abfahrt.<\/span><span class=\"ngen_Kuerzel\"> \u2212 kt\/Foto: Kaleta<\/span><\/p>\n<div id=\"mm-0\" class=\"mm-page mm-slideout\">\n<div class=\"wrapper clearfix\">\n<section id=\"main\" class=\"site-main container clearfix\" role=\"main\">\n<div class=\"row margin-bottom-40\">\n<div id=\"primary\" class=\"col-md-12 article-area \">\n<article class=\"hentry post article-content\">\n<div class=\"clearfix\"><\/div>\n<\/article>\n<\/div>\n<\/div>\n<\/section>\n<\/div>\n<\/div>\n<div class=\"fancybox-overlay fancybox-overlay-fixed\">\n<div class=\"fancybox-wrap fancybox-desktop fancybox-type-image fancybox-opened\" tabindex=\"-1\">\n<div class=\"fancybox-skin\">\n<div class=\"fancybox-outer\">\n<div class=\"fancybox-inner\"><img decoding=\"async\" class=\"fancybox-image\" src=\"https:\/\/cdnplus.pnp.de\/_em_daten\/_cache\/image\/1xP9DeZaw6EPy2DwPUEP_J-zo92ukcnmnX0iCFoUhKdmOwsPFcgd5up5EgjwepPckB\/180320-0209-29-63137262-kolping.jpg\" alt=\"\" \/><\/div>\n<\/div>\n<\/div>\n<\/div>\n<\/div>\n","protected":false},"excerpt":{"rendered":"<p>Burgkirchen.Gem\u00e4\u00df dem Motto &#8222;kochen, verkaufen und den Erl\u00f6s spenden&#8220; fand im katholischen Pfarrheim Burgkirchen das von der Kolpingfamilie veranstaltete Solidarit\u00e4tsessen statt. Etwa 70 Besucher erschienen, um sich mit einer der schmackhaften Suppen \u2013 bei Bedarf mit W\u00fcrstchen best\u00fcckt \u2013 zu st\u00e4rken. Wer gerne trinkt zum Essen, konnte auf Wasser, Apfelschorle oder Bier zur\u00fcckgreifen. Insgesamt warfen die Konsumenten 700 Euro in den gusseisernen Spenden-Topf ein. In die traditionelle Fr\u00fchlingsaktion waren folgende Personen ehrenamtlich engagiert (im Bild): Die Koordinatorin Elisabeth Deser, das&#8230;<\/p>\n<p class=\"read-more\"><a class=\"btn btn-default\" href=\"http:\/\/kf.kolping-burgkirchen.de\/?p=248\">Weiterlesen<span class=\"screen-reader-text\"> Weiterlesen<\/span><\/a><\/p>\n","protected":false},"author":2,"featured_media":0,"comment_status":"closed","ping_status":"closed","sticky":false,"template":"","format":"image","meta":{"footnotes":""},"categories":[4],"tags":[],"class_list":["post-248","post","type-post","status-publish","format-image","hentry","category-aktuelles","post_format-post-format-image"],"_links":{"self":[{"href":"http:\/\/kf.kolping-burgkirchen.de\/index.php?rest_route=\/wp\/v2\/posts\/248","targetHints":{"allow":["GET"]}}],"collection":[{"href":"http:\/\/kf.kolping-burgkirchen.de\/index.php?rest_route=\/wp\/v2\/posts"}],"about":[{"href":"http:\/\/kf.kolping-burgkirchen.de\/index.php?rest_route=\/wp\/v2\/types\/post"}],"author":[{"embeddable":true,"href":"http:\/\/kf.kolping-burgkirchen.de\/index.php?rest_route=\/wp\/v2\/users\/2"}],"replies":[{"embeddable":true,"href":"http:\/\/kf.kolping-burgkirchen.de\/index.php?rest_route=%2Fwp%2Fv2%2Fcomments&post=248"}],"version-history":[{"count":1,"href":"http:\/\/kf.kolping-burgkirchen.de\/index.php?rest_route=\/wp\/v2\/posts\/248\/revisions"}],"predecessor-version":[{"id":249,"href":"http:\/\/kf.kolping-burgkirchen.de\/index.php?rest_route=\/wp\/v2\/posts\/248\/revisions\/249"}],"wp:attachment":[{"href":"http:\/\/kf.kolping-burgkirchen.de\/index.php?rest_route=%2Fwp%2Fv2%2Fmedia&parent=248"}],"wp:term":[{"taxonomy":"category","embeddable":true,"href":"http:\/\/kf.kolping-burgkirchen.de\/index.php?rest_route=%2Fwp%2Fv2%2Fcategories&post=248"},{"taxonomy":"post_tag","embeddable":true,"href":"http:\/\/kf.kolping-burgkirchen.de\/index.php?rest_route=%2Fwp%2Fv2%2Ftags&post=248"}],"curies":[{"name":"wp","href":"https:\/\/api.w.org\/{rel}","templated":true}]}}